{"id":1364,"date":"2008-11-19T22:52:17","date_gmt":"2008-11-19T20:52:17","guid":{"rendered":"http:\/\/blogs.bl0rg.net\/finis_africae\/2008\/11\/19\/kro-a-reims\/"},"modified":"2009-02-14T22:45:15","modified_gmt":"2009-02-14T20:45:15","slug":"kro-a-reims","status":"publish","type":"post","link":"http:\/\/blogs.bl0rg.net\/finis_africae\/2008\/11\/19\/kro-a-reims\/","title":{"rendered":"Kro \u00e0 Reims"},"content":{"rendered":"<p>Je suis all\u00e9e \u00e0 Reims pour une conf\u00e9rence sur le Golem. Reims est une ville dans laquelle j\u2019ai pass\u00e9 30 ans. J\u2019en suis partie il y a 10 ans avec plaisir et quand j\u2019y reviens, \u00e7a m\u2019amuse de jouer \u00e0 : \u201c\u00e7a, c\u2019\u00e9tait pas comme \u00e7a avant\u201d ou \u201cChic, c\u2019est toujours l\u00e0\u201d.<\/p>\n<p><!--more--><\/p>\n<p>Il y a des institutions qui n\u2019ont pas boug\u00e9, comme le <a href=\"http:\/\/www.cafedupalais.fr\/\">Caf\u00e9 du Palais<\/a>.<\/p>\n<p><img loading=\"lazy\" decoding=\"async\" src=\"http:\/\/blogs.bl0rg.net\/finis_africae\/wp-content\/uploads\/2008\/11\/histoire-photo-1.jpg\" alt=\"histoire-photo-1.jpg\" width=\"198\" height=\"198\" \/><\/p>\n<p>J\u2019y ai bu des chocolats chauds et j\u2019y ai pass\u00e9 du temps : mon bus s\u2019arr\u00eatait juste devant, pour aller au lyc\u00e9e.<\/p>\n<p>J\u2019ai log\u00e9 \u00e0 l\u2019h\u00f4tel, j\u2019aime bien les h\u00f4tels et celui-ci est tr\u00e8s agr\u00e9able, en plein centre de Reims, mais en retrait. J\u2019y avais fr\u00e9quent\u00e9 le bar, tout au fond d\u2019un couloir, donnant dans un petit jardin.<\/p>\n<p><img loading=\"lazy\" decoding=\"async\" src=\"http:\/\/blogs.bl0rg.net\/finis_africae\/wp-content\/uploads\/2008\/11\/dsc05155.jpg\" alt=\"dsc05155.jpg\" width=\"472\" height=\"354\" \/><\/p>\n<p>Il s\u2019agit le l\u2019<a href=\"http:\/\/www.hotel-crystal.fr\/\">h\u00f4tel Crystal<\/a>, vrai h\u00f4tel familial, o\u00f9 la patronne est une vieille dame tr\u00e8s chic&#8230; Et le veilleur de nuit, constatant que j\u2019\u00e9tais \u00e0 Reims pour parler du Golem, m\u2019a dit regretter que les juifs n\u2019\u00e9taient pas pros\u00e9lytes&#8230; Moi, je venais juste r\u00e9cup\u00e9rer un n\u00b0 de wifi, car il est gratuit.<\/p>\n<p><img loading=\"lazy\" decoding=\"async\" src=\"http:\/\/blogs.bl0rg.net\/finis_africae\/wp-content\/uploads\/2008\/11\/dsc05154.jpg\" alt=\"dsc05154.jpg\" width=\"471\" height=\"353\" \/><\/p>\n<p>L\u2019entr\u00e9e de l\u2019h\u00f4tel.<\/p>\n<p><img loading=\"lazy\" decoding=\"async\" src=\"http:\/\/blogs.bl0rg.net\/finis_africae\/wp-content\/uploads\/2008\/11\/dsc05153.jpg\" alt=\"dsc05153.jpg\" width=\"340\" height=\"453\" \/><\/p>\n<p>L\u2019ascenseur, avec des volets en bois et en verre, vaut la visite.<br \/>\n<img loading=\"lazy\" decoding=\"async\" src=\"http:\/\/blogs.bl0rg.net\/finis_africae\/wp-content\/uploads\/2008\/11\/07.jpg\" alt=\"07.jpg\" width=\"0\" height=\"0\" \/><\/p>\n<p>Le plein centre de Reims, c\u2019est deux rues en croix : la place d\u2019Erlon et la rue Buirette. Reims se prend pour une ville de l\u2019Est en prenant la vague des march\u00e9s de No\u00ebl. Pourtant, cette ville n\u2019a rien de commun avec Metz ou Strasbourg&#8230; si ce n\u2019est qu\u2019elle est \u00e0 l\u2019est de Paris.<\/p>\n<p><img loading=\"lazy\" decoding=\"async\" src=\"http:\/\/blogs.bl0rg.net\/finis_africae\/wp-content\/uploads\/2008\/11\/dsc05156.jpg\" alt=\"dsc05156.jpg\" width=\"449\" height=\"336\" \/><\/p>\n<p>Les cabanes s\u2019installent. C\u2019est un peu curieux, quand elles sont ferm\u00e9es.<\/p>\n<p><img loading=\"lazy\" decoding=\"async\" src=\"http:\/\/blogs.bl0rg.net\/finis_africae\/wp-content\/uploads\/2008\/11\/dsc05159.jpg\" alt=\"dsc05159.jpg\" width=\"421\" height=\"512\" \/><\/p>\n<p>Au bout, la fontaine d\u00e9borde de fleurs&#8230; Chaque pan de la fontaine repr\u00e9sente une des rivi\u00e8res qui passent \u00e0 c\u00f4t\u00e9 de Reims : La Marne, l\u2019Aisne, La Vesle et La Suippe. Quand j\u2019\u00e9tais petite, il n\u2019y avait ni fleurs, ni ange mais la fontaine coulait.<\/p>\n<p>Reims poss\u00e8de plusieurs galeries commer\u00e7antes ou passages couverts. Les \u201cPassages Sub\u00e9\u201d, similaires \u00e0 ceux qu\u2019on peut trouver \u00e0 Paris, comme la Galerie des Panoramas, du c\u00f4t\u00e9 des Grands Boulevards.<\/p>\n<p><img loading=\"lazy\" decoding=\"async\" src=\"http:\/\/blogs.bl0rg.net\/finis_africae\/wp-content\/uploads\/2008\/11\/015-2-2.jpg\" alt=\"015-2-2.jpg\" width=\"366\" height=\"244\" \/><\/p>\n<p>La Galerie de l\u2019Etape semble en perte de vitesse, beaucoup de magasins ferment&#8230; D\u2019autres ouvrent&#8230; un peu curieux.<\/p>\n<p><img loading=\"lazy\" decoding=\"async\" src=\"http:\/\/blogs.bl0rg.net\/finis_africae\/wp-content\/uploads\/2008\/11\/dsc05157.jpg\" alt=\"dsc05157.jpg\" width=\"245\" height=\"326\" \/><\/p>\n<p>Un magasin de vente d\u2019armes \u00e0 air comprim\u00e9 qui ressemble \u00e0 des vrais pour jouer au petit militaire. Voici l\u2019abominable homme des bois qui se prend pour un soldat&#8230; en fait, \u00e7a fait peur.<\/p>\n<p>Dans cette galerie, il y avait un grand magasin de jouets qui n\u2019existe plus, mais ses vitrines sont toujours l\u00e0, m\u00eame si elles sont reconverties en vitrines \u00e0 louer. Ca donne des associations pour le moins bizarre&#8230;<\/p>\n<p><img loading=\"lazy\" decoding=\"async\" src=\"http:\/\/blogs.bl0rg.net\/finis_africae\/wp-content\/uploads\/2008\/11\/dsc05158.jpg\" alt=\"dsc05158.jpg\" width=\"377\" height=\"472\" \/><\/p>\n","protected":false},"excerpt":{"rendered":"<p>Je suis all\u00e9e \u00e0 Reims pour une conf\u00e9rence sur le Golem. Reims est une ville dans laquelle j\u2019ai pass\u00e9 30 ans. J\u2019en suis partie il y a 10 ans avec plaisir et quand j\u2019y reviens, \u00e7a m\u2019amuse de jouer \u00e0 &hellip; <a href=\"http:\/\/blogs.bl0rg.net\/finis_africae\/2008\/11\/19\/kro-a-reims\/\">Continuer la lecture <span class=\"meta-nav\">&rarr;<\/span><\/a><\/p>\n","protected":false},"author":1,"featured_media":0,"comment_status":"open","ping_status":"open","sticky":false,"template":"","format":"standard","meta":{"footnotes":""},"categories":[2],"tags":[],"_links":{"self":[{"href":"http:\/\/blogs.bl0rg.net\/finis_africae\/wp-json\/wp\/v2\/posts\/1364"}],"collection":[{"href":"http:\/\/blogs.bl0rg.net\/finis_africae\/wp-json\/wp\/v2\/posts"}],"about":[{"href":"http:\/\/blogs.bl0rg.net\/finis_africae\/wp-json\/wp\/v2\/types\/post"}],"author":[{"embeddable":true,"href":"http:\/\/blogs.bl0rg.net\/finis_africae\/wp-json\/wp\/v2\/users\/1"}],"replies":[{"embeddable":true,"href":"http:\/\/blogs.bl0rg.net\/finis_africae\/wp-json\/wp\/v2\/comments?post=1364"}],"version-history":[{"count":5,"href":"http:\/\/blogs.bl0rg.net\/finis_africae\/wp-json\/wp\/v2\/posts\/1364\/revisions"}],"predecessor-version":[{"id":1884,"href":"http:\/\/blogs.bl0rg.net\/finis_africae\/wp-json\/wp\/v2\/posts\/1364\/revisions\/1884"}],"wp:attachment":[{"href":"http:\/\/blogs.bl0rg.net\/finis_africae\/wp-json\/wp\/v2\/media?parent=1364"}],"wp:term":[{"taxonomy":"category","embeddable":true,"href":"http:\/\/blogs.bl0rg.net\/finis_africae\/wp-json\/wp\/v2\/categories?post=1364"},{"taxonomy":"post_tag","embeddable":true,"href":"http:\/\/blogs.bl0rg.net\/finis_africae\/wp-json\/wp\/v2\/tags?post=1364"}],"curies":[{"name":"wp","href":"https:\/\/api.w.org\/{rel}","templated":true}]}}