{"id":938,"date":"2008-02-02T02:03:43","date_gmt":"2008-02-02T00:03:43","guid":{"rendered":"http:\/\/blogs.bl0rg.net\/finis_africae\/2008\/02\/02\/kro-plus-si-noir\/"},"modified":"2009-02-14T23:23:25","modified_gmt":"2009-02-14T21:23:25","slug":"kro-plus-si-noir","status":"publish","type":"post","link":"http:\/\/blogs.bl0rg.net\/finis_africae\/2008\/02\/02\/kro-plus-si-noir\/","title":{"rendered":"Kro plus si noire"},"content":{"rendered":"<p class=\"MsoNormal\"><span style=\"font-size: 11pt; font-family: Arial\">Tout n\u2019est plus si noir, concert des Weepers Circus au caf\u00e9 de la danse<\/span><\/p>\n<p class=\"MsoNormal\"><!--more--><strong><span style=\"font-size: 11pt; font-family: Arial\"> <\/span><span style=\"font-size: 11pt; font-family: Arial\">Tout n\u2019est plus si noir, concert des Weepers Circus au Caf\u00e9 de la danse<\/span><\/strong><\/p>\n<p class=\"MsoNormal\"><img loading=\"lazy\" decoding=\"async\" src=\"http:\/\/www.weeperscircus.com\/images\/actu\/affiche_paris_2008.gif\" alt=\"\" hspace=\"5\" vspace=\"5\" width=\"180\" height=\"263\" align=\"left\" \/><span style=\"font-size: 11pt; font-family: Arial\">Le caf\u00e9 de la danse est une salle de concert du c\u00f4t\u00e9 de Bastille. On s\u2019assoit sur des chaises en plastique en gradins. On finit par avoir mal au dos, mais c\u2019est bien le seul reproche \u00e0 faire \u00e0 cette salle. Le son y est de tr\u00e8s bonne qualit\u00e9, rien \u00e0 voir avec la Maroquinerie o\u00f9 je ne remettrai plus les pieds. La sc\u00e8ne est assez grande et il y a un bar \u00e0 l\u2019\u00e9tage avec vue sur la sc\u00e8ne. Curieusement, il n\u2019y a pas eu de premi\u00e8re partie.<\/span><\/p>\n<p class=\"MsoNormal\"><span style=\"font-size: 11pt; font-family: Arial\"> <\/span><\/p>\n<p class=\"MsoNormal\"><span style=\"font-size: 11pt; font-family: Arial\">C\u00f4t\u00e9 mise en sc\u00e8ne : moins de sketchs entre les morceaux que pour la tourn\u00e9e \u00ab Faites entrer \u00bb mais toujours du bon travail : un bon show lumi\u00e8re et des images projet\u00e9es sur le fond pour accompagner les chansons, chapeau haut de forme ou chapeau claque, habill\u00e9s en noir avec ceinture ou chemise rouge, barbichettes. Eric \u00e9tait de nouveau en jupette&#8230;<\/span><\/p>\n<p class=\"MsoNormal\"><span style=\"font-size: 11pt; font-family: Arial\">Les Weepers sont pass\u00e9s \u00e0 6 avec Christian Houll\u00e9 au clavier. <\/span><\/p>\n<p class=\"MsoNormal\"><a href=\"http:\/\/www.weeperscircus.com\/\" target=\"_blank\">le site des Weepers<\/a><span style=\"font-size: 11pt; font-family: Arial\"> <\/span><\/p>\n<p class=\"MsoNormal\"><a title=\"eric-k.jpg\" href=\"http:\/\/blogs.bl0rg.net\/finis_africae\/wp-content\/uploads\/2008\/02\/eric-k.jpg\"><img decoding=\"async\" src=\"http:\/\/blogs.bl0rg.net\/finis_africae\/wp-content\/uploads\/2008\/02\/eric-k.jpg\" alt=\"eric-k.jpg\" \/><\/a><\/p>\n<p class=\"MsoNormal\"><a href=\"http:\/\/www.ddmicrolog.com\/photos.php?cat=weep2\" target=\"_blank\">Photo Damien<\/a><\/p>\n<p class=\"MsoNormal\"><span style=\"font-size: 11pt; font-family: Arial\">Eric Guerrier, toujours aussi loufoque sur sc\u00e8ne, a accroch\u00e9 \u00e0 son manche de guitare une \u00e9charpe \u00e0 poil qui aurait beaucoup plu \u00e0 mon chat.<\/span><\/p>\n<p class=\"MsoNormal\"><span style=\"font-size: 11pt; font-family: Arial\">J\u2019avais oubli\u00e9, depuis la tourn\u00e9e \u00ab Faites entrer \u00bb, \u00e0 quel point ils valent la peine sur sc\u00e8ne. Le spectacle ouvre sur <a href=\"http:\/\/www.youtube.com\/watch?v=S5VOHCK5j7A\" target=\"_blank\">La dame au Cam\u00e9lia<\/a>.<\/span><\/p>\n<p class=\"MsoNormal\"><a title=\"wloup.jpg\" href=\"http:\/\/blogs.bl0rg.net\/finis_africae\/wp-content\/uploads\/2008\/02\/wloup.jpg\"><img decoding=\"async\" src=\"http:\/\/blogs.bl0rg.net\/finis_africae\/wp-content\/uploads\/2008\/02\/wloup.jpg\" alt=\"wloup.jpg\" \/><\/a><\/p>\n<p class=\"MsoNormal\"><span style=\"font-size: 11pt; font-family: Arial\"> Loup y&rsquo;es-tuuuuu ? <a href=\"http:\/\/www.ddmicrolog.com\/photos.php?cat=weep2\" target=\"_blank\">Photo Damien<\/a> <\/span><\/p>\n<p class=\"MsoNormal\"><span style=\"font-size: 11pt; font-family: Arial\">Et encha\u00eene sur \u00ab Sans vous aimer \u00bb, chanson sur laquelle ils ont l\u2019air de beaucoup s\u2019amuser : c\u2019est l\u2019histoire d\u2019une fille qui explique qu\u2019elle serait bien mieux si elle pouvait \u00e9viter d\u2019aimer les hommes \u00ab Sans vous aimer, je n\u2019ai peur de personne, Sans vous aimer, je ne suis l\u2019ombre de rien \u00bb, et qu\u2019elle aimerait bien essayer, au moins pour voir. Les Weepers s&rsquo;amusent bien sur sc\u00e8ne et nous font partager leur plaisir d&rsquo;\u00eatre l\u00e0, par exemple, en nous proposant de chanter avec eux sur \u00ab\u00a0Tout le monde chante\u00a0\u00bb, un chanson qui \u00e9gratigne toutes les tendances de la sc\u00e8ne fran\u00e7aise.<\/span><\/p>\n<p class=\"MsoNormal\"><span style=\"font-size: 11pt; font-family: Arial\"><br \/>\nM\u00eame des chansons qui rendent \u00e0 mon avis moyennement sur l\u2019album, comme Chronique de la fin des temps passent tr\u00e8s bien sur sc\u00e8ne. Idem pour Le parvenu, o\u00f9 on se dit qu\u2019Alexandre Georges a quand m\u00eame une sacr\u00e9 voix.<\/span><\/p>\n<p class=\"MsoNormal\"><a title=\"img_7655.jpg\" href=\"http:\/\/blogs.bl0rg.net\/finis_africae\/wp-content\/uploads\/2008\/02\/img_7655.jpg\"><img decoding=\"async\" src=\"http:\/\/blogs.bl0rg.net\/finis_africae\/wp-content\/uploads\/2008\/02\/img_7655.jpg\" alt=\"img_7655.jpg\" \/><\/a><\/p>\n<p class=\"MsoNormal\"><span style=\"font-size: 11pt; font-family: Arial\"><a href=\"http:\/\/www.ddmicrolog.com\/photos.php?cat=weep2\" target=\"_blank\">Photo Damien<\/a><\/span><\/p>\n<p class=\"MsoNormal\"><span style=\"font-size: 11pt; font-family: Arial\">Dans les grands moments, on notera un moment musical avec solo de batterie bien int\u00e9ressant, une version a capella de Maurice, toujours aussi rigolote, avec percussions vocales, et enfin la pr\u00e9sence surprise d\u2019Olivia Ruiz qui est venue chanter Petit homme et <a href=\"http:\/\/www.youtube.com\/watch?v=1Bvpn5eGQ5M\" target=\"_blank\">La renarde<\/a><\/span><\/p>\n<p class=\"MsoNormal\"><a title=\"w-et-olivia.jpg\" href=\"http:\/\/blogs.bl0rg.net\/finis_africae\/wp-content\/uploads\/2008\/02\/w-et-olivia.jpg\"><img decoding=\"async\" src=\"http:\/\/blogs.bl0rg.net\/finis_africae\/wp-content\/uploads\/2008\/02\/w-et-olivia.jpg\" alt=\"w-et-olivia.jpg\" \/><\/a><\/p>\n<p class=\"MsoNormal\"><span style=\"font-size: 11pt; font-family: Arial\"> <\/span><\/p>\n<p class=\"MsoNormal\"><span style=\"font-size: 11pt; font-family: Arial\"> <\/span><\/p>\n<p class=\"MsoNormal\"><span style=\"font-size: 11pt; font-family: Arial\"><a href=\"http:\/\/www.ddmicrolog.com\/photos.php?cat=weep2\" target=\"_blank\">Photo Damien<\/a><\/span><\/p>\n<p class=\"MsoNormal\">Un monument de l&rsquo;\u00e9ducation nationale : la flute pour accompagner \u00ab\u00a0Tout le monde chante\u00a0\u00bb<\/p>\n<p class=\"MsoNormal\"><a title=\"img_7687.jpg\" href=\"http:\/\/blogs.bl0rg.net\/finis_africae\/wp-content\/uploads\/2008\/02\/img_7687.jpg\"><img decoding=\"async\" src=\"http:\/\/blogs.bl0rg.net\/finis_africae\/wp-content\/uploads\/2008\/02\/img_7687.jpg\" alt=\"img_7687.jpg\" \/><\/a><\/p>\n<p class=\"MsoNormal\"><span style=\"font-size: 11pt; font-family: Arial\"><a href=\"http:\/\/www.ddmicrolog.com\/photos.php?cat=weep2\" target=\"_blank\">Photo Damien<\/a><\/span><\/p>\n<p class=\"MsoNormal\"><span style=\"font-size: 11pt; font-family: Arial\">Un autre moment plein d\u2019\u00e9nergie : <a href=\"http:\/\/www.youtube.com\/watch?v=-ozyZx2cLDo\" target=\"_blank\">L\u00e9gion<\/a> m\u00eame si la guitare d\u2019Eric Guerrier est tomb\u00e9 en panne en plein morceau ce qui a donn\u00e9 une interpr\u00e9tation un peu \u00ab diff\u00e9rente \u00bb. A la fin, dans un grand moment de folie, nous avons pu appr\u00e9ci\u00e9 \u00ab\u00a0Le premier pas\u00a0\u00bb matin\u00e9e \u00e0 \u00ab\u00a0L&rsquo;\u00e9t\u00e9 indien\u00a0\u00bb et d&rsquo;autres chansons de \u00ab\u00a0l&rsquo;ancienne sc\u00e8ne fran\u00e7aise\u00a0\u00bb. <\/span><\/p>\n<p class=\"MsoNormal\"><span style=\"font-size: 11pt; font-family: Arial\">Bref, c\u2019\u00e9tait un excellent concert, nous en sommes sortis ravis.<\/span><\/p>\n<p class=\"MsoNormal\">Merci \u00e0 Damien pour ses photos.<\/p>\n<p class=\"MsoNormal\">\n","protected":false},"excerpt":{"rendered":"<p>Tout n\u2019est plus si noir, concert des Weepers Circus au caf\u00e9 de la danse<\/p>\n","protected":false},"author":1,"featured_media":0,"comment_status":"open","ping_status":"open","sticky":false,"template":"","format":"standard","meta":{"footnotes":""},"categories":[10],"tags":[],"_links":{"self":[{"href":"http:\/\/blogs.bl0rg.net\/finis_africae\/wp-json\/wp\/v2\/posts\/938"}],"collection":[{"href":"http:\/\/blogs.bl0rg.net\/finis_africae\/wp-json\/wp\/v2\/posts"}],"about":[{"href":"http:\/\/blogs.bl0rg.net\/finis_africae\/wp-json\/wp\/v2\/types\/post"}],"author":[{"embeddable":true,"href":"http:\/\/blogs.bl0rg.net\/finis_africae\/wp-json\/wp\/v2\/users\/1"}],"replies":[{"embeddable":true,"href":"http:\/\/blogs.bl0rg.net\/finis_africae\/wp-json\/wp\/v2\/comments?post=938"}],"version-history":[{"count":3,"href":"http:\/\/blogs.bl0rg.net\/finis_africae\/wp-json\/wp\/v2\/posts\/938\/revisions"}],"predecessor-version":[{"id":1930,"href":"http:\/\/blogs.bl0rg.net\/finis_africae\/wp-json\/wp\/v2\/posts\/938\/revisions\/1930"}],"wp:attachment":[{"href":"http:\/\/blogs.bl0rg.net\/finis_africae\/wp-json\/wp\/v2\/media?parent=938"}],"wp:term":[{"taxonomy":"category","embeddable":true,"href":"http:\/\/blogs.bl0rg.net\/finis_africae\/wp-json\/wp\/v2\/categories?post=938"},{"taxonomy":"post_tag","embeddable":true,"href":"http:\/\/blogs.bl0rg.net\/finis_africae\/wp-json\/wp\/v2\/tags?post=938"}],"curies":[{"name":"wp","href":"https:\/\/api.w.org\/{rel}","templated":true}]}}