{"id":11950,"date":"2011-11-17T20:58:21","date_gmt":"2011-11-17T19:58:21","guid":{"rendered":"http:\/\/blogs.bl0rg.net\/imaginos\/?p=11950"},"modified":"2020-04-16T16:58:30","modified_gmt":"2020-04-16T15:58:30","slug":"indignite","status":"publish","type":"post","link":"https:\/\/blogs.bl0rg.net\/imaginos\/2011\/11\/17\/indignite\/","title":{"rendered":"Indignit\u00e9"},"content":{"rendered":"<p style=\"text-align: justify;\">Un type qui n&rsquo;a pas lu l&rsquo;opuscule de St\u00e9phane Hessel, <em><span style=\"text-decoration: underline;\">Indignez-vous !<\/span><\/em>, c&rsquo;est assur\u00e9ment le sinistre (de l&rsquo;enseignement sup\u00e9rieur et de la recherche) laurent wauquiez, qui a eu <a href=\"http:\/\/www.lemonde.fr\/politique\/article\/2011\/11\/16\/pour-laurent-wauquiez-etre-paye-quand-on-est-malade-n-est-pas-tres-responsabilisant_1604652_823448.html\">cette phrase gerbatoire<\/a> :<br \/>\n<em>\u00ab\u00a0Si jamais, quand vous tombez malade, cela n&rsquo;a aucun impact sur votre indemnit\u00e9 et votre salaire, ce n&rsquo;est pas tr\u00e8s responsabilisant.\u00a0\u00bb<\/em><br \/>\nEt ce sombre individu, qui n&rsquo;en est pas \u00e0 sa premi\u00e8re sortie scandaleuse, a le culot de s&rsquo;\u00e9tiqueter <em>Droite <strong>sociale<\/strong><\/em> (une pure antinomie).<br \/>\nLa suite logique de son raisonnement, bien qu&rsquo;il ne l&rsquo;ait pas expos\u00e9e (mais \u00e7a viendra, par lui ou par un de sa bande, et sans doute plut\u00f4t qu&rsquo;on ne le croit), est limpide : il faut supprimer la S\u00e9curit\u00e9 sociale.<br \/>\nQuand je pense qu&rsquo;une g\u00e9n\u00e9ration pas si \u00e9loign\u00e9e que nous (celle de M. Hessel, donc) s&rsquo;est battue pour que ce soit l&rsquo;un des fondements de leur France de demain, les bras m&rsquo;en tombent tellement de d\u00e9solation que je crains fort de finir assez rapidement par ne plus avoir la force de m&rsquo;indigner devant tout \u00e7a. Car ce n&rsquo;est qu&rsquo;un exemple de la mentalit\u00e9 et des actes r\u00e9cents de ceux qui nous gouvernent depuis bien trop longtemps&#8230;<\/p>\n<p style=\"text-align: justify;\">(au passage et sur un sujet proche, j&rsquo;ai bien aim\u00e9 <a href=\"http:\/\/enattendanth5n1.20minutes-blogs.fr\/archive\/2011\/11\/16\/supplique-aux-neoliberaux-messieurs-qu-on-nomme-grands-lache.html\">le dernier billet<\/a>, tr\u00e8s bien vu (mais malheureusement pas compris par les premiers concern\u00e9s), de Christian Lehmann)<\/p>\n","protected":false},"excerpt":{"rendered":"<p>Un type qui n&rsquo;a pas lu l&rsquo;opuscule de St\u00e9phane Hessel, Indignez-vous !, c&rsquo;est assur\u00e9ment le sinistre (de l&rsquo;enseignement sup\u00e9rieur et de la recherche) laurent wauquiez, qui a eu cette phrase gerbatoire : \u00ab\u00a0Si jamais, quand vous tombez malade, cela n&rsquo;a &hellip; <a href=\"https:\/\/blogs.bl0rg.net\/imaginos\/2011\/11\/17\/indignite\/\">Continuer la lecture <span class=\"meta-nav\">&rarr;<\/span><\/a><\/p>\n","protected":false},"author":1,"featured_media":0,"comment_status":"open","ping_status":"open","sticky":false,"template":"","format":"standard","meta":{"footnotes":""},"categories":[19,8,23],"tags":[1729],"_links":{"self":[{"href":"https:\/\/blogs.bl0rg.net\/imaginos\/wp-json\/wp\/v2\/posts\/11950"}],"collection":[{"href":"https:\/\/blogs.bl0rg.net\/imaginos\/wp-json\/wp\/v2\/posts"}],"about":[{"href":"https:\/\/blogs.bl0rg.net\/imaginos\/wp-json\/wp\/v2\/types\/post"}],"author":[{"embeddable":true,"href":"https:\/\/blogs.bl0rg.net\/imaginos\/wp-json\/wp\/v2\/users\/1"}],"replies":[{"embeddable":true,"href":"https:\/\/blogs.bl0rg.net\/imaginos\/wp-json\/wp\/v2\/comments?post=11950"}],"version-history":[{"count":2,"href":"https:\/\/blogs.bl0rg.net\/imaginos\/wp-json\/wp\/v2\/posts\/11950\/revisions"}],"predecessor-version":[{"id":32059,"href":"https:\/\/blogs.bl0rg.net\/imaginos\/wp-json\/wp\/v2\/posts\/11950\/revisions\/32059"}],"wp:attachment":[{"href":"https:\/\/blogs.bl0rg.net\/imaginos\/wp-json\/wp\/v2\/media?parent=11950"}],"wp:term":[{"taxonomy":"category","embeddable":true,"href":"https:\/\/blogs.bl0rg.net\/imaginos\/wp-json\/wp\/v2\/categories?post=11950"},{"taxonomy":"post_tag","embeddable":true,"href":"https:\/\/blogs.bl0rg.net\/imaginos\/wp-json\/wp\/v2\/tags?post=11950"}],"curies":[{"name":"wp","href":"https:\/\/api.w.org\/{rel}","templated":true}]}}