{"id":14946,"date":"2012-12-11T16:08:01","date_gmt":"2012-12-11T15:08:01","guid":{"rendered":"http:\/\/blogs.bl0rg.net\/imaginos\/?p=14946"},"modified":"2012-12-11T16:08:01","modified_gmt":"2012-12-11T15:08:01","slug":"les-collectionneurs-sont-mauvais-public","status":"publish","type":"post","link":"https:\/\/blogs.bl0rg.net\/imaginos\/2012\/12\/11\/les-collectionneurs-sont-mauvais-public\/","title":{"rendered":"Les collectionneurs sont mauvais public"},"content":{"rendered":"<p style=\"text-align: justify;\">La nuit derni\u00e8re, j&rsquo;ai r\u00eav\u00e9 que je r\u00e2lais (encore ?).<br \/>\nC&rsquo;\u00e9tait au sujet d&rsquo;un film (ou t\u00e9l\u00e9film ?) que nous \u00e9tions en train de regarder (je ne me souviens plus de qui \u00e9tait avec moi), et qui \u00e9tait consacr\u00e9 \u00e0 l&rsquo;histoire d&rsquo;un grand nom de la BD franco-belge (je crois que c&rsquo;\u00e9tait l&rsquo;\u00e9diteur Dupuis, mais dans le r\u00eave il me semble qu&rsquo;il avait les traits de Georges R\u00e9mi, alias Herg\u00e9).<br \/>\n\u00c0 un moment, dans une sc\u00e8ne qui \u00e9tait cens\u00e9e se d\u00e9rouler dans les ann\u00e9es &rsquo;70 (a priori ; en tous cas, quelque part entre les ann\u00e9es &rsquo;60 et &rsquo;80), la cam\u00e9ra fait un gros plan dans le bureau sur une \u00e9tag\u00e8re d&rsquo;albums de bande dessin\u00e9e, comportant en particulier toute une s\u00e9rie de Gaston. Et l\u00e0, mon \u0153il exerc\u00e9 a bondi (c&rsquo;est une image&#8230;) en constatant qu&rsquo;il s&rsquo;agissait des r\u00e9\u00e9ditions de la fin des ann\u00e9es &rsquo;90, donc des objets compl\u00e8tement anachroniques \u00e0 cette p\u00e9riode.<br \/>\nTypiquement une sc\u00e8ne qui aurait pu se produire dans la r\u00e9alit\u00e9 du monde \u00e9veill\u00e9&#8230; si j&rsquo;avais la t\u00e9l\u00e9 et le temps pour regarder ce genre de films.<\/p>\n","protected":false},"excerpt":{"rendered":"<p>La nuit derni\u00e8re, j&rsquo;ai r\u00eav\u00e9 que je r\u00e2lais (encore ?). C&rsquo;\u00e9tait au sujet d&rsquo;un film (ou t\u00e9l\u00e9film ?) que nous \u00e9tions en train de regarder (je ne me souviens plus de qui \u00e9tait avec moi), et qui \u00e9tait consacr\u00e9 \u00e0 &hellip; <a href=\"https:\/\/blogs.bl0rg.net\/imaginos\/2012\/12\/11\/les-collectionneurs-sont-mauvais-public\/\">Continuer la lecture <span class=\"meta-nav\">&rarr;<\/span><\/a><\/p>\n","protected":false},"author":1,"featured_media":0,"comment_status":"open","ping_status":"open","sticky":false,"template":"","format":"standard","meta":{"footnotes":""},"categories":[31],"tags":[546],"_links":{"self":[{"href":"https:\/\/blogs.bl0rg.net\/imaginos\/wp-json\/wp\/v2\/posts\/14946"}],"collection":[{"href":"https:\/\/blogs.bl0rg.net\/imaginos\/wp-json\/wp\/v2\/posts"}],"about":[{"href":"https:\/\/blogs.bl0rg.net\/imaginos\/wp-json\/wp\/v2\/types\/post"}],"author":[{"embeddable":true,"href":"https:\/\/blogs.bl0rg.net\/imaginos\/wp-json\/wp\/v2\/users\/1"}],"replies":[{"embeddable":true,"href":"https:\/\/blogs.bl0rg.net\/imaginos\/wp-json\/wp\/v2\/comments?post=14946"}],"version-history":[{"count":1,"href":"https:\/\/blogs.bl0rg.net\/imaginos\/wp-json\/wp\/v2\/posts\/14946\/revisions"}],"predecessor-version":[{"id":14947,"href":"https:\/\/blogs.bl0rg.net\/imaginos\/wp-json\/wp\/v2\/posts\/14946\/revisions\/14947"}],"wp:attachment":[{"href":"https:\/\/blogs.bl0rg.net\/imaginos\/wp-json\/wp\/v2\/media?parent=14946"}],"wp:term":[{"taxonomy":"category","embeddable":true,"href":"https:\/\/blogs.bl0rg.net\/imaginos\/wp-json\/wp\/v2\/categories?post=14946"},{"taxonomy":"post_tag","embeddable":true,"href":"https:\/\/blogs.bl0rg.net\/imaginos\/wp-json\/wp\/v2\/tags?post=14946"}],"curies":[{"name":"wp","href":"https:\/\/api.w.org\/{rel}","templated":true}]}}