{"id":16480,"date":"2013-05-30T21:08:42","date_gmt":"2013-05-30T20:08:42","guid":{"rendered":"http:\/\/blogs.bl0rg.net\/imaginos\/?p=16480"},"modified":"2014-12-01T00:14:47","modified_gmt":"2014-11-30T23:14:47","slug":"dans-les-etoiles-sans-escale","status":"publish","type":"post","link":"https:\/\/blogs.bl0rg.net\/imaginos\/2013\/05\/30\/dans-les-etoiles-sans-escale\/","title":{"rendered":"Dans les \u00e9toiles, sans escale"},"content":{"rendered":"<p style=\"text-align: justify;\">C&rsquo;est par une bien triste nouvelle qu&rsquo;a commenc\u00e9 (ou presque) ma journ\u00e9e : on a appris ce matin <a href=\"http:\/\/www.jackvance.com\/jackvance_05262013\/\">le d\u00e9c\u00e8s<\/a> de <a href=\"http:\/\/www.sf-encyclopedia.com\/entry\/vance_jack\">Jack Vance<\/a> dimanche dernier.<br \/>\nD&rsquo;un certain c\u00f4t\u00e9, je dois dire que je m&rsquo;y attendais et que j&rsquo;y pensais m\u00eame de temps en temps : l&rsquo;homme n&rsquo;\u00e9tait plus tout jeune, c&rsquo;est le moins qu&rsquo;on puisse dire (n\u00e9 le 28 ao\u00fbt 1916, il aurait eu 97 ans dans trois mois), salement diminu\u00e9 par son glaucome mal soign\u00e9 qui l&rsquo;avait rendu quasiment aveugle il y a plus de vingt ans et par la mort de son \u00e9pouse Norma il y a cinq ans, on pouvait dire qu&rsquo;il avait bien v\u00e9cu, et de toutes fa\u00e7ons il n&rsquo;\u00e9crivait plus depuis le d\u00e9cevant b\u00e2clage de <span style=\"text-decoration: underline;\"><em>Lurulu<\/em><\/span> en 2004 (si l&rsquo;on excepte son autobiographie de 2009, <span style=\"text-decoration: underline;\"><em>This is Me, Jack Vance !<\/em><\/span>, qu&rsquo;il me semble avoir fugitivement \u00e9voqu\u00e9e sur cet \u00e9cran). Mais quand m\u00eame, \u00e7a m&rsquo;a foutu un coup quand j&rsquo;ai appris la nouvelle.<\/p>\n<p style=\"text-align: justify;\">Il faut dire que Jack Vance \u00e9tait (avec Robert Heinlein) l&rsquo;un des deux auteurs majeurs de mes premi\u00e8res ann\u00e9es de lecteur de SF, avant ma d\u00e9couverte des auteurs cyberpunk, puis d&rsquo;<span style=\"text-decoration: underline;\"><em>Hyp\u00e9rion<\/em><\/span> (dont l&rsquo;auteur Dan Simmons avait d&rsquo;ailleurs Vance pour mod\u00e8le), et mon virage vers la hard science. Et corollaire, il fut, principalement avec ses deux grands cycles de SF (<em>La geste des princes-d\u00e9mons<\/em> (dont j&rsquo;avais envisag\u00e9 de tirer une campagne pour mon propre JdR de SF) et <em>Le cycle de Tscha\u00ef<\/em> (l&rsquo;un des rares contextes de fiction non cr\u00e9\u00e9 pour le JdR dans lequel j&rsquo;ai envie de faire jouer)) et la trop courte s\u00e9rie des <em>Alastor<\/em>, l&rsquo;une des principales influences litt\u00e9raires de ma conception du JdR de space opera et de mon propre univers de space op&rsquo; \u00e9labor\u00e9 dans les ann\u00e9es &rsquo;80.<\/p>\n<p style=\"text-align: justify;\">De son \u0153uvre, on retiendra le verbe truculent des personnages et l&rsquo;exotisme des peuplades rencontr\u00e9es. Et le c\u00f4t\u00e9 aventureux qui correspond assez bien \u00e0 mes propres aspirations r\u00f4ludiques.<\/p>\n<p style=\"text-align: justify;\">Et il n&rsquo;y a pas que moi qu&rsquo;il a influenc\u00e9 dans le domaine r\u00f4ludique, puisqu&rsquo;on retrouve sa trace bien marqu\u00e9e dans (A)D&amp;D (avec le syst\u00e8me de magie dit <em>vancien<\/em> et l&rsquo;archi-liche Vecna dont le nom est un anagramme du sien), et de fa\u00e7on un peu plus discr\u00e8te dans Traveller. Par contre, il n&rsquo;a finalement \u00e9t\u00e9 que relativement peu adapt\u00e9 <em>officiellement<\/em> en JdR, puisqu&rsquo;il n&rsquo;y a gu\u00e8re eu que Lyonesse et Dying Earth (respectivement bas\u00e9s sur ses deux cycles med-fan&rsquo;), et le suppl\u00e9ment GURPS Planet of Adventure (sur Tscha\u00ef) ; en attendant la sortie \u00e9ventuelle chez Pelgrane Press d&rsquo;un JdR ayant pour cadre l&rsquo;Aire ga\u00efane dans laquelle se d\u00e9roulent la plupart de ses romans de SF.<br \/>\n(et on peut \u00e9galement citer le hors-s\u00e9rie que lui avait consacr\u00e9 le magazine Graal)<br \/>\nIl \u00e9tait \u00e9galement ami avec M.A.R. Barker, le cr\u00e9ateur de T\u00e9kumel, qui <a href=\"http:\/\/chirinesworkbench.blogspot.fr\/2013\/05\/jack-vance-is-gone.html\">aurait dessin\u00e9 pour lui<\/a> les premi\u00e8res cartes du Monde magique.<\/p>\n<p style=\"text-align: justify;\">Je pourrais vous balancer une liste de liens longue comme le bras vers des notices n\u00e9crologiques, dont les lieux que je fr\u00e9quente habituellement sur internet d\u00e9gueulent litt\u00e9ralement ce soir. Je me contenterai de <a href=\"http:\/\/www.locusmag.com\/News\/2013\/05\/jack-vance-1916-2013\/\">ces<\/a> <a href=\"http:\/\/io9.com\/weve-lost-another-grand-master-r-i-p-jack-vance-191-510346926\">trois<\/a> <a href=\"http:\/\/resf.hypotheses.org\/1829\">l\u00e0<\/a>.<\/p>\n<p style=\"text-align: justify;\">Bon voyage, Jack Vance ! T&rsquo;\u00e9crivais plus et j&rsquo;avais d\u00fb lire quasiment toute ta production de SF, mais quelque part quand m\u00eame, tu vas me manquer.<a href=\"http:\/\/blogs.bl0rg.net\/imaginos\/wp-content\/uploads\/2013\/05\/jackvance.jpg\"><img loading=\"lazy\" decoding=\"async\" class=\"aligncenter size-medium wp-image-16482\" src=\"http:\/\/blogs.bl0rg.net\/imaginos\/wp-content\/uploads\/2013\/05\/jackvance-218x300.jpg\" alt=\"jackvance\" width=\"218\" height=\"300\" srcset=\"https:\/\/blogs.bl0rg.net\/imaginos\/wp-content\/uploads\/2013\/05\/jackvance-218x300.jpg 218w, https:\/\/blogs.bl0rg.net\/imaginos\/wp-content\/uploads\/2013\/05\/jackvance-109x150.jpg 109w, https:\/\/blogs.bl0rg.net\/imaginos\/wp-content\/uploads\/2013\/05\/jackvance.jpg 378w\" sizes=\"(max-width: 218px) 100vw, 218px\" \/><\/a><\/p>\n<p style=\"text-align: justify;\">Je viens d&rsquo;aller voir : Mike Resnick, qui est \u00e0 mes yeux ce qui ressemble le plus \u00e0 un \u00ab\u00a0continuateur\u00a0\u00bb de la SF <em>\u00e0 la Jack Vance<\/em>, a d\u00e9j\u00e0 71 ans&#8230; J&rsquo;esp\u00e8re qu&rsquo;il \u00e9crira aussi longtemps que son \u00ab\u00a0pr\u00e9d\u00e9cesseur\u00a0\u00bb.<\/p>\n","protected":false},"excerpt":{"rendered":"<p>C&rsquo;est par une bien triste nouvelle qu&rsquo;a commenc\u00e9 (ou presque) ma journ\u00e9e : on a appris ce matin le d\u00e9c\u00e8s de Jack Vance dimanche dernier. D&rsquo;un certain c\u00f4t\u00e9, je dois dire que je m&rsquo;y attendais et que j&rsquo;y pensais m\u00eame &hellip; <a href=\"https:\/\/blogs.bl0rg.net\/imaginos\/2013\/05\/30\/dans-les-etoiles-sans-escale\/\">Continuer la lecture <span class=\"meta-nav\">&rarr;<\/span><\/a><\/p>\n","protected":false},"author":1,"featured_media":0,"comment_status":"open","ping_status":"open","sticky":false,"template":"","format":"standard","meta":{"footnotes":""},"categories":[34,9],"tags":[82,275,209,282,1064,90,283,1153,1296,1056,272,115,462,41],"_links":{"self":[{"href":"https:\/\/blogs.bl0rg.net\/imaginos\/wp-json\/wp\/v2\/posts\/16480"}],"collection":[{"href":"https:\/\/blogs.bl0rg.net\/imaginos\/wp-json\/wp\/v2\/posts"}],"about":[{"href":"https:\/\/blogs.bl0rg.net\/imaginos\/wp-json\/wp\/v2\/types\/post"}],"author":[{"embeddable":true,"href":"https:\/\/blogs.bl0rg.net\/imaginos\/wp-json\/wp\/v2\/users\/1"}],"replies":[{"embeddable":true,"href":"https:\/\/blogs.bl0rg.net\/imaginos\/wp-json\/wp\/v2\/comments?post=16480"}],"version-history":[{"count":4,"href":"https:\/\/blogs.bl0rg.net\/imaginos\/wp-json\/wp\/v2\/posts\/16480\/revisions"}],"predecessor-version":[{"id":20727,"href":"https:\/\/blogs.bl0rg.net\/imaginos\/wp-json\/wp\/v2\/posts\/16480\/revisions\/20727"}],"wp:attachment":[{"href":"https:\/\/blogs.bl0rg.net\/imaginos\/wp-json\/wp\/v2\/media?parent=16480"}],"wp:term":[{"taxonomy":"category","embeddable":true,"href":"https:\/\/blogs.bl0rg.net\/imaginos\/wp-json\/wp\/v2\/categories?post=16480"},{"taxonomy":"post_tag","embeddable":true,"href":"https:\/\/blogs.bl0rg.net\/imaginos\/wp-json\/wp\/v2\/tags?post=16480"}],"curies":[{"name":"wp","href":"https:\/\/api.w.org\/{rel}","templated":true}]}}