{"id":16523,"date":"2013-05-31T17:27:07","date_gmt":"2013-05-31T16:27:07","guid":{"rendered":"http:\/\/blogs.bl0rg.net\/imaginos\/?p=16523"},"modified":"2013-05-31T17:27:07","modified_gmt":"2013-05-31T16:27:07","slug":"pole-emploi-perd-la-boussole","status":"publish","type":"post","link":"https:\/\/blogs.bl0rg.net\/imaginos\/2013\/05\/31\/pole-emploi-perd-la-boussole\/","title":{"rendered":"P\u00f4le emploi perd la boussole"},"content":{"rendered":"<p style=\"text-align: justify;\">R\u00e9sumons les faits :<br \/>\nNous avons fait passer en avril aupr\u00e8s de P\u00f4le emploi une annonce pour un CDD estival.<br \/>\nLe poste a \u00e9t\u00e9 pourvu au 25 avril (et pas gr\u00e2ce \u00e0 eux).<br \/>\nLe retrait de l&rsquo;annonce a \u00e9t\u00e9 demand\u00e9 \u00e0 ce moment.<br \/>\nPlus de quinze jours plus tard, je recevais encore des candidatures.<br \/>\nUn conseiller dudit p\u00f4le m&rsquo;a m\u00eame t\u00e9l\u00e9phon\u00e9 pour me proposer un candidat : je lui ai donc dit de vive voix que le poste \u00e9tait pourvu et que nous avions demand\u00e9 depuis pr\u00e8s de trois semaines le retrait de l&rsquo;annonce ; retrait auquel il m&rsquo;a dit qu&rsquo;il allait proc\u00e9der.<br \/>\nLa semaine derni\u00e8re, presque un mois jour pour jour apr\u00e8s la fin du recrutement, je recevais un courrier d&rsquo;une conseill\u00e8re de p\u00f4le emploi, auquel je devais r\u00e9pondre sous huit jours sous peine que mon annonce soit retir\u00e9e. Je n&rsquo;ai pas donn\u00e9 suite.<br \/>\nCet apr\u00e8me, la conseill\u00e8re en question m&rsquo;a t\u00e9l\u00e9phon\u00e9, et est tomb\u00e9e des nues quand je lui ai dit que l&rsquo;annonce \u00e9tait caduque depuis plus d&rsquo;un mois. Elle m&rsquo;a donc assur\u00e9 qu&rsquo;elle allait la retirer.<br \/>\nJe me demande quand ils vont \u00e0 nouveau me contacter pour savoir o\u00f9 j&rsquo;en suis de ce recrutement&#8230;<br \/>\nEt on voudrait r\u00e9sorber le ch\u00f4mage avec un tel ramassis de branquignoles ? \u00c7a me parait franchement irr\u00e9aliste.<\/p>\n","protected":false},"excerpt":{"rendered":"<p>R\u00e9sumons les faits : Nous avons fait passer en avril aupr\u00e8s de P\u00f4le emploi une annonce pour un CDD estival. Le poste a \u00e9t\u00e9 pourvu au 25 avril (et pas gr\u00e2ce \u00e0 eux). Le retrait de l&rsquo;annonce a \u00e9t\u00e9 demand\u00e9 &hellip; <a href=\"https:\/\/blogs.bl0rg.net\/imaginos\/2013\/05\/31\/pole-emploi-perd-la-boussole\/\">Continuer la lecture <span class=\"meta-nav\">&rarr;<\/span><\/a><\/p>\n","protected":false},"author":1,"featured_media":0,"comment_status":"open","ping_status":"open","sticky":false,"template":"","format":"standard","meta":{"footnotes":""},"categories":[11],"tags":[],"_links":{"self":[{"href":"https:\/\/blogs.bl0rg.net\/imaginos\/wp-json\/wp\/v2\/posts\/16523"}],"collection":[{"href":"https:\/\/blogs.bl0rg.net\/imaginos\/wp-json\/wp\/v2\/posts"}],"about":[{"href":"https:\/\/blogs.bl0rg.net\/imaginos\/wp-json\/wp\/v2\/types\/post"}],"author":[{"embeddable":true,"href":"https:\/\/blogs.bl0rg.net\/imaginos\/wp-json\/wp\/v2\/users\/1"}],"replies":[{"embeddable":true,"href":"https:\/\/blogs.bl0rg.net\/imaginos\/wp-json\/wp\/v2\/comments?post=16523"}],"version-history":[{"count":3,"href":"https:\/\/blogs.bl0rg.net\/imaginos\/wp-json\/wp\/v2\/posts\/16523\/revisions"}],"predecessor-version":[{"id":16530,"href":"https:\/\/blogs.bl0rg.net\/imaginos\/wp-json\/wp\/v2\/posts\/16523\/revisions\/16530"}],"wp:attachment":[{"href":"https:\/\/blogs.bl0rg.net\/imaginos\/wp-json\/wp\/v2\/media?parent=16523"}],"wp:term":[{"taxonomy":"category","embeddable":true,"href":"https:\/\/blogs.bl0rg.net\/imaginos\/wp-json\/wp\/v2\/categories?post=16523"},{"taxonomy":"post_tag","embeddable":true,"href":"https:\/\/blogs.bl0rg.net\/imaginos\/wp-json\/wp\/v2\/tags?post=16523"}],"curies":[{"name":"wp","href":"https:\/\/api.w.org\/{rel}","templated":true}]}}