{"id":17753,"date":"2013-10-29T21:33:36","date_gmt":"2013-10-29T20:33:36","guid":{"rendered":"http:\/\/blogs.bl0rg.net\/imaginos\/?p=17753"},"modified":"2013-10-29T21:33:36","modified_gmt":"2013-10-29T20:33:36","slug":"y-a-pas-que-les-grands-chefs-etoiles-qui-comptent","status":"publish","type":"post","link":"https:\/\/blogs.bl0rg.net\/imaginos\/2013\/10\/29\/y-a-pas-que-les-grands-chefs-etoiles-qui-comptent\/","title":{"rendered":"Y a pas que les grands chefs \u00e9toil\u00e9s qui comptent"},"content":{"rendered":"<p style=\"text-align: justify;\">J&rsquo;ai appris aujourd&rsquo;hui que Kadir Nurman, consid\u00e9r\u00e9 comme l&rsquo;inventeur du kebab, \u00e9tait mort <a href=\"http:\/\/www.francetvinfo.fr\/culture\/gastronomie\/l-inventeur-du-kebab-est-mort-a-berlin_444960.html\">jeudi dernier<\/a> \u00e0 l&rsquo;\u00e2ge de 80 ans.<br \/>\nEt dans la foul\u00e9e, j&rsquo;ai aussi appris que l&rsquo;autre inventeur du kebab (pasque visiblement, la paternit\u00e9 de la chose ne fait pas l&rsquo;unanimit\u00e9), Mehmet Aygun, \u00e9tait lui aussi mort, <a href=\"http:\/\/www.liberation.fr\/societe\/2009\/01\/29\/le-monde-du-kebab-est-en-deuil_306361\">en janvier 2009<\/a>.<\/p>\n","protected":false},"excerpt":{"rendered":"<p>J&rsquo;ai appris aujourd&rsquo;hui que Kadir Nurman, consid\u00e9r\u00e9 comme l&rsquo;inventeur du kebab, \u00e9tait mort jeudi dernier \u00e0 l&rsquo;\u00e2ge de 80 ans. Et dans la foul\u00e9e, j&rsquo;ai aussi appris que l&rsquo;autre inventeur du kebab (pasque visiblement, la paternit\u00e9 de la chose ne &hellip; <a href=\"https:\/\/blogs.bl0rg.net\/imaginos\/2013\/10\/29\/y-a-pas-que-les-grands-chefs-etoiles-qui-comptent\/\">Continuer la lecture <span class=\"meta-nav\">&rarr;<\/span><\/a><\/p>\n","protected":false},"author":1,"featured_media":0,"comment_status":"open","ping_status":"open","sticky":false,"template":"","format":"standard","meta":{"footnotes":""},"categories":[29],"tags":[272],"_links":{"self":[{"href":"https:\/\/blogs.bl0rg.net\/imaginos\/wp-json\/wp\/v2\/posts\/17753"}],"collection":[{"href":"https:\/\/blogs.bl0rg.net\/imaginos\/wp-json\/wp\/v2\/posts"}],"about":[{"href":"https:\/\/blogs.bl0rg.net\/imaginos\/wp-json\/wp\/v2\/types\/post"}],"author":[{"embeddable":true,"href":"https:\/\/blogs.bl0rg.net\/imaginos\/wp-json\/wp\/v2\/users\/1"}],"replies":[{"embeddable":true,"href":"https:\/\/blogs.bl0rg.net\/imaginos\/wp-json\/wp\/v2\/comments?post=17753"}],"version-history":[{"count":1,"href":"https:\/\/blogs.bl0rg.net\/imaginos\/wp-json\/wp\/v2\/posts\/17753\/revisions"}],"predecessor-version":[{"id":17754,"href":"https:\/\/blogs.bl0rg.net\/imaginos\/wp-json\/wp\/v2\/posts\/17753\/revisions\/17754"}],"wp:attachment":[{"href":"https:\/\/blogs.bl0rg.net\/imaginos\/wp-json\/wp\/v2\/media?parent=17753"}],"wp:term":[{"taxonomy":"category","embeddable":true,"href":"https:\/\/blogs.bl0rg.net\/imaginos\/wp-json\/wp\/v2\/categories?post=17753"},{"taxonomy":"post_tag","embeddable":true,"href":"https:\/\/blogs.bl0rg.net\/imaginos\/wp-json\/wp\/v2\/tags?post=17753"}],"curies":[{"name":"wp","href":"https:\/\/api.w.org\/{rel}","templated":true}]}}